{"id":3636,"date":"2023-01-16T10:00:27","date_gmt":"2023-01-16T09:00:27","guid":{"rendered":"https:\/\/www.my-rental-homes.com\/blog\/?p=3636"},"modified":"2023-01-10T13:07:52","modified_gmt":"2023-01-10T12:07:52","slug":"beautiful-chalets-for-rent-in-meribel","status":"publish","type":"post","link":"https:\/\/www.my-rental-homes.com\/blog\/beautiful-chalets-for-rent-in-meribel\/","title":{"rendered":"Beautiful chalets for rent in M\u00e9ribel"},"content":{"rendered":"<h1>Beautiful chalets for rent in M\u00e9ribel<\/h1>\n<p class=\"p1\">With its slopes and views, <strong><a href=\"https:\/\/www.my-rental-homes.com\/blog\/have-you-ever-been-to-meribel-ski-resort\/\">M\u00e9ribel<\/a><\/strong> is one of the most popular ski resorts in France and Europe. However, a ski vacation has something extra if you stay in a cozy chalet with all the amenities. So here are our charming <strong>chalets for rent in M\u00e9ribel<\/strong>.<\/p>\n<h2>Our chalets for rent in M\u00e9ribel<\/h2>\n<h3><a href=\"https:\/\/www.my-rental-homes.com\/blog\/wp-content\/uploads\/2023\/01\/la-loze.jpg\"><img loading=\"lazy\" decoding=\"async\" class=\"size-full wp-image-3641 aligncenter\" src=\"https:\/\/www.my-rental-homes.com\/blog\/wp-content\/uploads\/2023\/01\/la-loze.jpg\" alt=\"M\u00e9ribel\" width=\"700\" height=\"398\" srcset=\"https:\/\/www.my-rental-homes.com\/blog\/wp-content\/uploads\/2023\/01\/la-loze.jpg 700w, https:\/\/www.my-rental-homes.com\/blog\/wp-content\/uploads\/2023\/01\/la-loze-300x171.jpg 300w, https:\/\/www.my-rental-homes.com\/blog\/wp-content\/uploads\/2023\/01\/la-loze-257x146.jpg 257w, https:\/\/www.my-rental-homes.com\/blog\/wp-content\/uploads\/2023\/01\/la-loze-50x28.jpg 50w, https:\/\/www.my-rental-homes.com\/blog\/wp-content\/uploads\/2023\/01\/la-loze-132x75.jpg 132w\" sizes=\"auto, (max-width:767px) 480px, 700px\" \/><\/a><\/h3>\n<h3 class=\"p3\">Chalet La Loze &#8211; Les Allues<\/h3>\n<p class=\"p4\"><em>Bedrooms<\/em>: 7<br \/>\n<em>Bathrooms<\/em>: 5<br \/>\n<em>Plus<\/em>: fireplace, spa<\/p>\n<p class=\"p4\"><strong>Chalet La Loze<\/strong> is a beautiful luxury alpine home ideal for l<strong>arge families and groups of friends<\/strong>.<\/p>\n<p class=\"p4\">On the ground floor there is <strong>plenty of storage<\/strong> for skis as well as boot warmers, a <strong>cinema room<\/strong>, the <strong>hammam<\/strong>, the spa shower and the massage treatment room. The chalet&#8217;s eight-person <strong>hot tub<\/strong> is accessed from this floor, via a heated outdoor path.<\/p>\n<p class=\"p4\">All the bedrooms are at the first and second floors. Most of them have <em>en-suite<\/em> shower rooms or bathrooms. The master bedroom at the second floor includes a spacious dressing room, <em>en-suite<\/em> bathroom with separate double shower and a Japanese WC. Marble elements add a further touch of luxury to this lavish bedroom suite.<\/p>\n<p class=\"p4\">The top floor is home to the chalet\u2019s fantastic <strong>open plan living with fireplace<\/strong>, kitchen and dining area, bar corner and TV snug. Large double doors lead out to the <strong>balcony<\/strong> where you can admire the views across the valley and beyond.<\/p>\n<p class=\"p4\"><strong>Chalet La Loze is just 50 meters from the Golf ski lift<\/strong>, which will lead you up onto the mountain over enchanting, snowy forests. Furthermore, when snow permits, it is possible to ski back to the chalet from the piste.<\/p>\n<p class=\"p4\">Find out more and book a stay: <a href=\"https:\/\/www.my-rental-homes.com\/en\/property\/meribel\/chalet-la-loze\"><span class=\"s1\">https:\/\/www.my-rental-homes.com\/en\/property\/meribel\/chalet-la-loze<\/span><\/a><\/p>\n<h3><a href=\"https:\/\/www.my-rental-homes.com\/blog\/wp-content\/uploads\/2023\/01\/valentine.jpg\"><img loading=\"lazy\" decoding=\"async\" class=\"aligncenter wp-image-3640 size-full\" src=\"https:\/\/www.my-rental-homes.com\/blog\/wp-content\/uploads\/2023\/01\/valentine.jpg\" alt=\"chalet in Meribel\" width=\"700\" height=\"398\" srcset=\"https:\/\/www.my-rental-homes.com\/blog\/wp-content\/uploads\/2023\/01\/valentine.jpg 700w, https:\/\/www.my-rental-homes.com\/blog\/wp-content\/uploads\/2023\/01\/valentine-300x171.jpg 300w, https:\/\/www.my-rental-homes.com\/blog\/wp-content\/uploads\/2023\/01\/valentine-257x146.jpg 257w, https:\/\/www.my-rental-homes.com\/blog\/wp-content\/uploads\/2023\/01\/valentine-50x28.jpg 50w, https:\/\/www.my-rental-homes.com\/blog\/wp-content\/uploads\/2023\/01\/valentine-132x75.jpg 132w\" sizes=\"auto, (max-width:767px) 480px, 700px\" \/><\/a><\/h3>\n<h3 class=\"p3\">Chalet Valentine &#8211; Les Allues<\/h3>\n<p class=\"p3\"><em>Bedrooms<\/em>: 7<br \/>\n<em>Bathrooms<\/em>: 6<br \/>\n<em>Plus<\/em>: spa, lift<\/p>\n<p class=\"p4\"><strong>Chalet Valentine<\/strong> is a luxury mountain home, ideal for families, located in the heart of the <strong><a href=\"https:\/\/www.my-rental-homes.com\/blog\/the-ski-resorts-in-les-trois-vallees\/\">Trois Vall\u00e9es<\/a><\/strong>, in the exclusive Belv\u00e9d\u00e8re area of M\u00e9ribel.<\/p>\n<p class=\"p4\">This stunning alpine residence boasts an incredible private spa, plenty of space, high-end design and beautiful furnishings.<\/p>\n<p class=\"p4\">On the ground floor there is the spacious <strong>ski room and garage<\/strong>. The first floor is home to the incredible <strong>private spa and wellness area<\/strong> with a wonderful hammam. Outside, on the <strong>terraces<\/strong>, guests find an outdoor hot tub and a barrel sauna. On this floor there is also the <strong>cinema room<\/strong>, a <strong>games room<\/strong>, two twin\/double bedrooms, one with an <em>en-suite<\/em> bathroom and one with an <em>en-suite<\/em> bath and a separate shower room. Both bedrooms have access to the spacious terrace with <strong>private hot tub<\/strong>.<\/p>\n<p class=\"p4\">On the second floor, you find the main living and dining areas with floor to ceiling windows which look out onto breathtaking views of the mountains. On the spacious terrace, there is a <strong>fire pit<\/strong>. There is also a double bedroom with an <em>en-suite<\/em> shower room on this floor.<\/p>\n<p class=\"p4\">The third floor has a wonderful <strong>family suite<\/strong> with the master bedroom, one twin\/double bedroom and one bunk bedroom which both share an <em>en-suite<\/em> bathroom. The top floor is home to another twin\/double bedroom with <em>en-suite<\/em> bathroom and balcony.<\/p>\n<p class=\"p4\">Chalet Valentine is located <strong>only 100m from the slopes<\/strong>, with <a href=\"https:\/\/www.skiresort.info\/ski-resort\/les-arcspeisey-vallandry-paradiski\/ski-lifts\/l87046\/\" target=\"_blank\" rel=\"noopener\">Le Rhodos lift station<\/a> only a short ski away.<\/p>\n<p class=\"p4\">Find out more and book a stay: <a href=\"https:\/\/www.my-rental-homes.com\/en\/property\/meribel\/chalet-valentine\"><span class=\"s1\">https:\/\/www.my-rental-homes.com\/en\/property\/meribel\/chalet-valentine<\/span><\/a><\/p>\n<h3><a href=\"https:\/\/www.my-rental-homes.com\/blog\/wp-content\/uploads\/2023\/01\/alpaca.jpg\"><img loading=\"lazy\" decoding=\"async\" class=\"size-full wp-image-3639 aligncenter\" src=\"https:\/\/www.my-rental-homes.com\/blog\/wp-content\/uploads\/2023\/01\/alpaca.jpg\" alt=\"alpaca chalets for rent in M\u00e9ribel\" width=\"700\" height=\"398\" srcset=\"https:\/\/www.my-rental-homes.com\/blog\/wp-content\/uploads\/2023\/01\/alpaca.jpg 700w, https:\/\/www.my-rental-homes.com\/blog\/wp-content\/uploads\/2023\/01\/alpaca-300x171.jpg 300w, https:\/\/www.my-rental-homes.com\/blog\/wp-content\/uploads\/2023\/01\/alpaca-257x146.jpg 257w, https:\/\/www.my-rental-homes.com\/blog\/wp-content\/uploads\/2023\/01\/alpaca-50x28.jpg 50w, https:\/\/www.my-rental-homes.com\/blog\/wp-content\/uploads\/2023\/01\/alpaca-132x75.jpg 132w\" sizes=\"auto, (max-width:767px) 480px, 700px\" \/><\/a><\/h3>\n<h3 class=\"p3\">Alpaca &#8211; Les Allues<\/h3>\n<p class=\"p4\"><em>Bedrooms<\/em>: 6<br \/>\n<em>Bathrooms<\/em>: 6<br \/>\n<em>Plus<\/em>: pool, spa, sports room<\/p>\n<p class=\"p4\">Among the chalets for rent in M\u00e9ribel is Alpaca, a luxurious modern mountain home, with 6 beautifully-appointed <em>e<strong>n-suite<\/strong><\/em><strong> bedrooms each of them with its own individual design<\/strong>.<\/p>\n<p class=\"p4\">The chalet spread over three spectacular floors.<\/p>\n<p>On the first floor guests find three bedrooms, and the spacious living room and bar area, with <strong>double height ceiling, open fireplace, and full height windows<\/strong>. There is an impressive dining area and the separate kitchen.The living and dining areas both have access to the <strong>large terrace with hot tub, heated infinity pool, and fire-pit<\/strong>.<\/p>\n<p class=\"p4\">The top floor is home to <strong>the library and the master bedroom<\/strong> suite with wood-burning stove, private balcony, spacious dressing room, and <em>en-suite<\/em> bathroom.<\/p>\n<p class=\"p4\">The upper ground floor has a fantastic <strong>cinema and games room<\/strong>, a <strong>spa<\/strong> with a hammam, sauna, rain shower, a secluded massage room, a <strong>sports room with indoor climbing wall<\/strong>. For guests wanting to keep in shape, there is a <strong>gym<\/strong> on the lower ground floor. Furthermore, there is a children&#8217;s bunk room, with separate bathroom and twin\/double bedroom with en-suite shower room.<\/p>\n<p class=\"p4\">Finally, there is a <strong>self-contained staff flat<\/strong>, with separate access.<\/p>\n<p class=\"p4\">Find out more and book a stay: <a href=\"https:\/\/www.my-rental-homes.com\/en\/property\/meribel\/alpaca\">https:\/\/www.my-rental-homes.com\/en\/property\/meribel\/alpaca<\/a><\/p>\n<p>&nbsp;<\/p>\n","protected":false},"excerpt":{"rendered":"<p>Beautiful chalets for rent in M\u00e9ribel With its slopes and views, M\u00e9ribel is one of the most popular ski resorts in France and Europe. However, a<span class=\"excerpt-hellip\"> [\u2026]<\/span><\/p>\n","protected":false},"author":6,"featured_media":3638,"comment_status":"open","ping_status":"open","sticky":false,"template":"","format":"standard","meta":{"footnotes":""},"categories":[1916,1913,1914],"tags":[1970,1954],"class_list":["post-3636","post","type-post","status-publish","format-standard","has-post-thumbnail","hentry","category-france","category-meribel","category-val-disere","tag-chalets","tag-meribel"],"yoast_head":"<!-- This site is optimized with the Yoast SEO plugin v27.2 - https:\/\/yoast.com\/product\/yoast-seo-wordpress\/ -->\n<title>Beautiful chalets for rent in M\u00e9ribel | My Rental Homes Blog<\/title>\n<meta name=\"description\" content=\"Here is a selcetion of the bst chalets for rent in M\u00e9ribel to better enjoy your holiday on the French Alps. Find out more!\" \/>\n<meta name=\"robots\" content=\"index, follow, max-snippet:-1, max-image-preview:large, max-video-preview:-1\" \/>\n<link rel=\"canonical\" href=\"https:\/\/www.my-rental-homes.com\/blog\/beautiful-chalets-for-rent-in-meribel\/\" \/>\n<meta property=\"og:locale\" content=\"en_US\" \/>\n<meta property=\"og:type\" content=\"article\" \/>\n<meta property=\"og:title\" content=\"Beautiful chalets for rent in M\u00e9ribel | My Rental Homes Blog\" \/>\n<meta property=\"og:description\" content=\"Here is a selcetion of the bst chalets for rent in M\u00e9ribel to better enjoy your holiday on the French Alps. Find out more!\" \/>\n<meta property=\"og:url\" content=\"https:\/\/www.my-rental-homes.com\/blog\/beautiful-chalets-for-rent-in-meribel\/\" \/>\n<meta property=\"og:site_name\" content=\"My Rental Homes\" \/>\n<meta property=\"article:publisher\" content=\"https:\/\/www.facebook.com\/myrentalhomes\" \/>\n<meta property=\"article:published_time\" content=\"2023-01-16T09:00:27+00:00\" \/>\n<meta property=\"og:image\" content=\"https:\/\/www.my-rental-homes.com\/blog\/wp-content\/uploads\/2023\/01\/C-meribel.jpg\" \/>\n\t<meta property=\"og:image:width\" content=\"480\" \/>\n\t<meta property=\"og:image:height\" content=\"300\" \/>\n\t<meta property=\"og:image:type\" content=\"image\/jpeg\" \/>\n<meta name=\"author\" content=\"Anna Zancan\" \/>\n<meta name=\"twitter:label1\" content=\"Written by\" \/>\n\t<meta name=\"twitter:data1\" content=\"Anna Zancan\" \/>\n\t<meta name=\"twitter:label2\" content=\"Est. reading time\" \/>\n\t<meta name=\"twitter:data2\" content=\"4 minutes\" \/>\n<script type=\"application\/ld+json\" class=\"yoast-schema-graph\">{\"@context\":\"https:\/\/schema.org\",\"@graph\":[{\"@type\":\"Article\",\"@id\":\"https:\/\/www.my-rental-homes.com\/blog\/beautiful-chalets-for-rent-in-meribel\/#article\",\"isPartOf\":{\"@id\":\"https:\/\/www.my-rental-homes.com\/blog\/beautiful-chalets-for-rent-in-meribel\/\"},\"author\":{\"name\":\"Anna Zancan\",\"@id\":\"https:\/\/www.my-rental-homes.com\/blog\/#\/schema\/person\/1213866133bd4166977484f40c42a2a5\"},\"headline\":\"Beautiful chalets for rent in M\u00e9ribel\",\"datePublished\":\"2023-01-16T09:00:27+00:00\",\"mainEntityOfPage\":{\"@id\":\"https:\/\/www.my-rental-homes.com\/blog\/beautiful-chalets-for-rent-in-meribel\/\"},\"wordCount\":776,\"commentCount\":0,\"publisher\":{\"@id\":\"https:\/\/www.my-rental-homes.com\/blog\/#organization\"},\"image\":{\"@id\":\"https:\/\/www.my-rental-homes.com\/blog\/beautiful-chalets-for-rent-in-meribel\/#primaryimage\"},\"thumbnailUrl\":\"https:\/\/www.my-rental-homes.com\/blog\/wp-content\/uploads\/2023\/01\/C-meribel.jpg\",\"keywords\":[\"chalets\",\"meribel\"],\"articleSection\":[\"France\",\"meribel\",\"Val d'Is\u00e8re\"],\"inLanguage\":\"en-US\",\"potentialAction\":[{\"@type\":\"CommentAction\",\"name\":\"Comment\",\"target\":[\"https:\/\/www.my-rental-homes.com\/blog\/beautiful-chalets-for-rent-in-meribel\/#respond\"]}]},{\"@type\":\"WebPage\",\"@id\":\"https:\/\/www.my-rental-homes.com\/blog\/beautiful-chalets-for-rent-in-meribel\/\",\"url\":\"https:\/\/www.my-rental-homes.com\/blog\/beautiful-chalets-for-rent-in-meribel\/\",\"name\":\"Beautiful chalets for rent in M\u00e9ribel | My Rental Homes Blog\",\"isPartOf\":{\"@id\":\"https:\/\/www.my-rental-homes.com\/blog\/#website\"},\"primaryImageOfPage\":{\"@id\":\"https:\/\/www.my-rental-homes.com\/blog\/beautiful-chalets-for-rent-in-meribel\/#primaryimage\"},\"image\":{\"@id\":\"https:\/\/www.my-rental-homes.com\/blog\/beautiful-chalets-for-rent-in-meribel\/#primaryimage\"},\"thumbnailUrl\":\"https:\/\/www.my-rental-homes.com\/blog\/wp-content\/uploads\/2023\/01\/C-meribel.jpg\",\"datePublished\":\"2023-01-16T09:00:27+00:00\",\"description\":\"Here is a selcetion of the bst chalets for rent in M\u00e9ribel to better enjoy your holiday on the French Alps. Find out more!\",\"breadcrumb\":{\"@id\":\"https:\/\/www.my-rental-homes.com\/blog\/beautiful-chalets-for-rent-in-meribel\/#breadcrumb\"},\"inLanguage\":\"en-US\",\"potentialAction\":[{\"@type\":\"ReadAction\",\"target\":[\"https:\/\/www.my-rental-homes.com\/blog\/beautiful-chalets-for-rent-in-meribel\/\"]}]},{\"@type\":\"ImageObject\",\"inLanguage\":\"en-US\",\"@id\":\"https:\/\/www.my-rental-homes.com\/blog\/beautiful-chalets-for-rent-in-meribel\/#primaryimage\",\"url\":\"https:\/\/www.my-rental-homes.com\/blog\/wp-content\/uploads\/2023\/01\/C-meribel.jpg\",\"contentUrl\":\"https:\/\/www.my-rental-homes.com\/blog\/wp-content\/uploads\/2023\/01\/C-meribel.jpg\",\"width\":480,\"height\":300,\"caption\":\"Beautiful chalets for rent in M\u00e9ribel\"},{\"@type\":\"BreadcrumbList\",\"@id\":\"https:\/\/www.my-rental-homes.com\/blog\/beautiful-chalets-for-rent-in-meribel\/#breadcrumb\",\"itemListElement\":[{\"@type\":\"ListItem\",\"position\":1,\"name\":\"Home\",\"item\":\"https:\/\/www.my-rental-homes.com\/blog\/\"},{\"@type\":\"ListItem\",\"position\":2,\"name\":\"Beautiful chalets for rent in M\u00e9ribel\"}]},{\"@type\":\"WebSite\",\"@id\":\"https:\/\/www.my-rental-homes.com\/blog\/#website\",\"url\":\"https:\/\/www.my-rental-homes.com\/blog\/\",\"name\":\"My Rental Homes\",\"description\":\"\",\"publisher\":{\"@id\":\"https:\/\/www.my-rental-homes.com\/blog\/#organization\"},\"potentialAction\":[{\"@type\":\"SearchAction\",\"target\":{\"@type\":\"EntryPoint\",\"urlTemplate\":\"https:\/\/www.my-rental-homes.com\/blog\/?s={search_term_string}\"},\"query-input\":{\"@type\":\"PropertyValueSpecification\",\"valueRequired\":true,\"valueName\":\"search_term_string\"}}],\"inLanguage\":\"en-US\"},{\"@type\":\"Organization\",\"@id\":\"https:\/\/www.my-rental-homes.com\/blog\/#organization\",\"name\":\"My Rental Homes by Rentals in Italy\",\"url\":\"https:\/\/www.my-rental-homes.com\/blog\/\",\"logo\":{\"@type\":\"ImageObject\",\"inLanguage\":\"en-US\",\"@id\":\"https:\/\/www.my-rental-homes.com\/blog\/#\/schema\/logo\/image\/\",\"url\":\"https:\/\/www.my-rental-homes.com\/blog\/wp-content\/uploads\/2016\/08\/my-rental-homes-logo2.png\",\"contentUrl\":\"https:\/\/www.my-rental-homes.com\/blog\/wp-content\/uploads\/2016\/08\/my-rental-homes-logo2.png\",\"width\":486,\"height\":116,\"caption\":\"My Rental Homes by Rentals in Italy\"},\"image\":{\"@id\":\"https:\/\/www.my-rental-homes.com\/blog\/#\/schema\/logo\/image\/\"},\"sameAs\":[\"https:\/\/www.facebook.com\/myrentalhomes\"]},{\"@type\":\"Person\",\"@id\":\"https:\/\/www.my-rental-homes.com\/blog\/#\/schema\/person\/1213866133bd4166977484f40c42a2a5\",\"name\":\"Anna Zancan\",\"image\":{\"@type\":\"ImageObject\",\"inLanguage\":\"en-US\",\"@id\":\"https:\/\/secure.gravatar.com\/avatar\/82ee13fdcc7c31523bf9ffbff6160e25ec764abc740c4dad1c407654fcc0496c?s=96&d=mm&r=g\",\"url\":\"https:\/\/secure.gravatar.com\/avatar\/82ee13fdcc7c31523bf9ffbff6160e25ec764abc740c4dad1c407654fcc0496c?s=96&d=mm&r=g\",\"contentUrl\":\"https:\/\/secure.gravatar.com\/avatar\/82ee13fdcc7c31523bf9ffbff6160e25ec764abc740c4dad1c407654fcc0496c?s=96&d=mm&r=g\",\"caption\":\"Anna Zancan\"}}]}<\/script>\n<!-- \/ Yoast SEO plugin. -->","yoast_head_json":{"title":"Beautiful chalets for rent in M\u00e9ribel | My Rental Homes Blog","description":"Here is a selcetion of the bst chalets for rent in M\u00e9ribel to better enjoy your holiday on the French Alps. Find out more!","robots":{"index":"index","follow":"follow","max-snippet":"max-snippet:-1","max-image-preview":"max-image-preview:large","max-video-preview":"max-video-preview:-1"},"canonical":"https:\/\/www.my-rental-homes.com\/blog\/beautiful-chalets-for-rent-in-meribel\/","og_locale":"en_US","og_type":"article","og_title":"Beautiful chalets for rent in M\u00e9ribel | My Rental Homes Blog","og_description":"Here is a selcetion of the bst chalets for rent in M\u00e9ribel to better enjoy your holiday on the French Alps. Find out more!","og_url":"https:\/\/www.my-rental-homes.com\/blog\/beautiful-chalets-for-rent-in-meribel\/","og_site_name":"My Rental Homes","article_publisher":"https:\/\/www.facebook.com\/myrentalhomes","article_published_time":"2023-01-16T09:00:27+00:00","og_image":[{"width":480,"height":300,"url":"https:\/\/www.my-rental-homes.com\/blog\/wp-content\/uploads\/2023\/01\/C-meribel.jpg","type":"image\/jpeg"}],"author":"Anna Zancan","twitter_misc":{"Written by":"Anna Zancan","Est. reading time":"4 minutes"},"schema":{"@context":"https:\/\/schema.org","@graph":[{"@type":"Article","@id":"https:\/\/www.my-rental-homes.com\/blog\/beautiful-chalets-for-rent-in-meribel\/#article","isPartOf":{"@id":"https:\/\/www.my-rental-homes.com\/blog\/beautiful-chalets-for-rent-in-meribel\/"},"author":{"name":"Anna Zancan","@id":"https:\/\/www.my-rental-homes.com\/blog\/#\/schema\/person\/1213866133bd4166977484f40c42a2a5"},"headline":"Beautiful chalets for rent in M\u00e9ribel","datePublished":"2023-01-16T09:00:27+00:00","mainEntityOfPage":{"@id":"https:\/\/www.my-rental-homes.com\/blog\/beautiful-chalets-for-rent-in-meribel\/"},"wordCount":776,"commentCount":0,"publisher":{"@id":"https:\/\/www.my-rental-homes.com\/blog\/#organization"},"image":{"@id":"https:\/\/www.my-rental-homes.com\/blog\/beautiful-chalets-for-rent-in-meribel\/#primaryimage"},"thumbnailUrl":"https:\/\/www.my-rental-homes.com\/blog\/wp-content\/uploads\/2023\/01\/C-meribel.jpg","keywords":["chalets","meribel"],"articleSection":["France","meribel","Val d'Is\u00e8re"],"inLanguage":"en-US","potentialAction":[{"@type":"CommentAction","name":"Comment","target":["https:\/\/www.my-rental-homes.com\/blog\/beautiful-chalets-for-rent-in-meribel\/#respond"]}]},{"@type":"WebPage","@id":"https:\/\/www.my-rental-homes.com\/blog\/beautiful-chalets-for-rent-in-meribel\/","url":"https:\/\/www.my-rental-homes.com\/blog\/beautiful-chalets-for-rent-in-meribel\/","name":"Beautiful chalets for rent in M\u00e9ribel | My Rental Homes Blog","isPartOf":{"@id":"https:\/\/www.my-rental-homes.com\/blog\/#website"},"primaryImageOfPage":{"@id":"https:\/\/www.my-rental-homes.com\/blog\/beautiful-chalets-for-rent-in-meribel\/#primaryimage"},"image":{"@id":"https:\/\/www.my-rental-homes.com\/blog\/beautiful-chalets-for-rent-in-meribel\/#primaryimage"},"thumbnailUrl":"https:\/\/www.my-rental-homes.com\/blog\/wp-content\/uploads\/2023\/01\/C-meribel.jpg","datePublished":"2023-01-16T09:00:27+00:00","description":"Here is a selcetion of the bst chalets for rent in M\u00e9ribel to better enjoy your holiday on the French Alps. Find out more!","breadcrumb":{"@id":"https:\/\/www.my-rental-homes.com\/blog\/beautiful-chalets-for-rent-in-meribel\/#breadcrumb"},"inLanguage":"en-US","potentialAction":[{"@type":"ReadAction","target":["https:\/\/www.my-rental-homes.com\/blog\/beautiful-chalets-for-rent-in-meribel\/"]}]},{"@type":"ImageObject","inLanguage":"en-US","@id":"https:\/\/www.my-rental-homes.com\/blog\/beautiful-chalets-for-rent-in-meribel\/#primaryimage","url":"https:\/\/www.my-rental-homes.com\/blog\/wp-content\/uploads\/2023\/01\/C-meribel.jpg","contentUrl":"https:\/\/www.my-rental-homes.com\/blog\/wp-content\/uploads\/2023\/01\/C-meribel.jpg","width":480,"height":300,"caption":"Beautiful chalets for rent in M\u00e9ribel"},{"@type":"BreadcrumbList","@id":"https:\/\/www.my-rental-homes.com\/blog\/beautiful-chalets-for-rent-in-meribel\/#breadcrumb","itemListElement":[{"@type":"ListItem","position":1,"name":"Home","item":"https:\/\/www.my-rental-homes.com\/blog\/"},{"@type":"ListItem","position":2,"name":"Beautiful chalets for rent in M\u00e9ribel"}]},{"@type":"WebSite","@id":"https:\/\/www.my-rental-homes.com\/blog\/#website","url":"https:\/\/www.my-rental-homes.com\/blog\/","name":"My Rental Homes","description":"","publisher":{"@id":"https:\/\/www.my-rental-homes.com\/blog\/#organization"},"potentialAction":[{"@type":"SearchAction","target":{"@type":"EntryPoint","urlTemplate":"https:\/\/www.my-rental-homes.com\/blog\/?s={search_term_string}"},"query-input":{"@type":"PropertyValueSpecification","valueRequired":true,"valueName":"search_term_string"}}],"inLanguage":"en-US"},{"@type":"Organization","@id":"https:\/\/www.my-rental-homes.com\/blog\/#organization","name":"My Rental Homes by Rentals in Italy","url":"https:\/\/www.my-rental-homes.com\/blog\/","logo":{"@type":"ImageObject","inLanguage":"en-US","@id":"https:\/\/www.my-rental-homes.com\/blog\/#\/schema\/logo\/image\/","url":"https:\/\/www.my-rental-homes.com\/blog\/wp-content\/uploads\/2016\/08\/my-rental-homes-logo2.png","contentUrl":"https:\/\/www.my-rental-homes.com\/blog\/wp-content\/uploads\/2016\/08\/my-rental-homes-logo2.png","width":486,"height":116,"caption":"My Rental Homes by Rentals in Italy"},"image":{"@id":"https:\/\/www.my-rental-homes.com\/blog\/#\/schema\/logo\/image\/"},"sameAs":["https:\/\/www.facebook.com\/myrentalhomes"]},{"@type":"Person","@id":"https:\/\/www.my-rental-homes.com\/blog\/#\/schema\/person\/1213866133bd4166977484f40c42a2a5","name":"Anna Zancan","image":{"@type":"ImageObject","inLanguage":"en-US","@id":"https:\/\/secure.gravatar.com\/avatar\/82ee13fdcc7c31523bf9ffbff6160e25ec764abc740c4dad1c407654fcc0496c?s=96&d=mm&r=g","url":"https:\/\/secure.gravatar.com\/avatar\/82ee13fdcc7c31523bf9ffbff6160e25ec764abc740c4dad1c407654fcc0496c?s=96&d=mm&r=g","contentUrl":"https:\/\/secure.gravatar.com\/avatar\/82ee13fdcc7c31523bf9ffbff6160e25ec764abc740c4dad1c407654fcc0496c?s=96&d=mm&r=g","caption":"Anna Zancan"}}]}},"_links":{"self":[{"href":"https:\/\/www.my-rental-homes.com\/blog\/wp-json\/wp\/v2\/posts\/3636","targetHints":{"allow":["GET"]}}],"collection":[{"href":"https:\/\/www.my-rental-homes.com\/blog\/wp-json\/wp\/v2\/posts"}],"about":[{"href":"https:\/\/www.my-rental-homes.com\/blog\/wp-json\/wp\/v2\/types\/post"}],"author":[{"embeddable":true,"href":"https:\/\/www.my-rental-homes.com\/blog\/wp-json\/wp\/v2\/users\/6"}],"replies":[{"embeddable":true,"href":"https:\/\/www.my-rental-homes.com\/blog\/wp-json\/wp\/v2\/comments?post=3636"}],"version-history":[{"count":2,"href":"https:\/\/www.my-rental-homes.com\/blog\/wp-json\/wp\/v2\/posts\/3636\/revisions"}],"predecessor-version":[{"id":3642,"href":"https:\/\/www.my-rental-homes.com\/blog\/wp-json\/wp\/v2\/posts\/3636\/revisions\/3642"}],"wp:featuredmedia":[{"embeddable":true,"href":"https:\/\/www.my-rental-homes.com\/blog\/wp-json\/wp\/v2\/media\/3638"}],"wp:attachment":[{"href":"https:\/\/www.my-rental-homes.com\/blog\/wp-json\/wp\/v2\/media?parent=3636"}],"wp:term":[{"taxonomy":"category","embeddable":true,"href":"https:\/\/www.my-rental-homes.com\/blog\/wp-json\/wp\/v2\/categories?post=3636"},{"taxonomy":"post_tag","embeddable":true,"href":"https:\/\/www.my-rental-homes.com\/blog\/wp-json\/wp\/v2\/tags?post=3636"}],"curies":[{"name":"wp","href":"https:\/\/api.w.org\/{rel}","templated":true}]}}