{"id":3951,"date":"2023-09-11T09:00:58","date_gmt":"2023-09-11T07:00:58","guid":{"rendered":"https:\/\/www.my-rental-homes.com\/blog\/?p=3951"},"modified":"2023-09-19T16:28:20","modified_gmt":"2023-09-19T14:28:20","slug":"exploring-soller-mallorca","status":"publish","type":"post","link":"https:\/\/www.my-rental-homes.com\/blog\/exploring-soller-mallorca\/","title":{"rendered":"Exploring the Enchanting Beauty of S\u00f3ller, Mallorca"},"content":{"rendered":"<h1 class=\"p1\">Exploring the Enchanting Beauty of S\u00f3ller, Mallorca<\/h1>\n<p class=\"p1\">S\u00f3ller stands as a captivating testament to the beauty of Spain&#8217;s Mediterranean coastline. Located <strong>in the heart of the picturesque Balearic island of Mallorca<\/strong>, the town shows charming streets, lush citrus groves, and a rich cultural heritage.<\/p>\n<p class=\"p1\">Let\u2019s learn more!<\/p>\n<h2 class=\"p1\">S\u00f3ller: A Spanish Gem<\/h2>\n<p class=\"p1\">S\u00f3ller&#8217;s history dates back centuries, and its architecture and landmarks provide glimpses into its storied past. One of the most iconic structures is <strong>the Church of Saint Bartholomew<\/strong>, a stunning example of Gothic architecture that has graced the town&#8217;s skyline since the 13th century. But as you wander through the cobbled streets, you&#8217;ll also encounter charming houses adorned with <strong>modernist and art nouveau influences<\/strong>, giving S\u00f3ller a unique blend of old-world charm and artistic innovation.<\/p>\n<p class=\"p1\">Some of the <strong>main attractions<\/strong> to visit in S\u00f3ller are:<\/p>\n<ul class=\"ul1\">\n<li class=\"li1\"><b><\/b><strong>Plaza de la Constituci\u00f3n<\/strong>: This central square is the heart of S\u00f3ller and a great starting point for your exploration.<span class=\"s2\"><br \/>\n<\/span><\/li>\n<li class=\"li1\"><b><\/b><strong>Jard\u00ed Bot\u00e0nic de S\u00f3ller<\/strong>: If you&#8217;re a nature enthusiast, the botanical garden is a must-visit.<\/li>\n<li class=\"li1\"><b><\/b><strong>Can Prunera Modernist Museum<\/strong>: The museum features an impressive collection of modernist and art nouveau works.<span class=\"s2\"><br \/>\n<\/span><\/li>\n<li class=\"li1\"><b><\/b><strong>S\u00f3ller Market<\/strong>: Held in the Pla\u00e7a des Mercat, it offers a vibrant array of fresh produce, traditional crafts, and artisanal products that showcase the local flavors and craftsmanship.<\/li>\n<\/ul>\n<h3 class=\"p1\">Tranquil Oasis of Nature<\/h3>\n<p class=\"p1\">Beyond its architectural marvels, <strong>S\u00f3ller boasts a natural landscape that is equally captivating<\/strong>.<br \/>\nSurrounded by the <a href=\"https:\/\/www.my-rental-homes.com\/blog\/valldemossa-and-la-serra-de-tramuntana-in-mallorca\/\"><strong>Tramuntana<\/strong><\/a> mountains, the town is a gateway to an array of outdoor adventures. <a href=\"https:\/\/www.my-rental-homes.com\/blog\/hiking-trails-majorca\/\">Hiking enthusiasts can embark on trails<\/a> that wind through breathtaking scenery, offering panoramic views of the Mediterranean Sea and the lush valleys below. The journey to S\u00f3ller&#8217;s neighboring village, <strong>Fornalutx<\/strong>, is a particular delight, often referred to as one of Spain&#8217;s most beautiful villages.<\/p>\n<h3 class=\"p1\">Cultural Enrichment<\/h3>\n<p class=\"p1\">S\u00f3ller&#8217;s artistic spirit extends beyond its architecture to encompass a vibrant cultural scene. <strong>The town has attracted artists and creative minds<\/strong> for generations, resulting in an array of galleries, studios, and artisan shops that showcase local talent. Visitors can explore exhibitions ranging from traditional Mallorcan art to contemporary masterpieces, capturing the essence of S\u00f3ller&#8217;s creative energy.<\/p>\n<h3 class=\"p1\">Gastronomic Delicacies<\/h3>\n<p class=\"p1\">No exploration of S\u00f3ller would be complete without indulging in its delectable gastronomy.<br \/>\nThe town&#8217;s proximity to the sea ensures a steady supply of <strong>fresh seafood<\/strong>, which finds its way onto the menus of local restaurants. <strong>From traditional <em>tapas<\/em> to innovative fusion dishes<\/strong>, S\u00f3ller&#8217;s culinary offerings are a delightful reflection of its rich cultural influences.<\/p>\n<h3 class=\"p1\">Festivals and Events<\/h3>\n<p class=\"p1\">The town does not fail to delight visitors with engaging events related to its history and traditions.<\/p>\n<p class=\"p1\">One example is <a href=\"https:\/\/www.my-rental-homes.com\/blog\/the-festival-of-es-firo-in-soller-majorca\/\"><strong><em>Es Firo<\/em><\/strong><\/a> which typically takes place on the second Monday in May. The festival is a full day of festivities, beginning early in the morning and continuing well into the night. The town comes alive with various events, performances, and traditional customs that transport participants back in time.<br \/>\n<strong>The highlight of Es Firo is the battle reenactment<\/strong>. Locals dressed in period costumes recreate the clash between the townspeople and the invading pirates. Participants take on the roles of both defenders and attackers, engaging in a mock battle that is both exciting and entertaining. They also use real gunpowder to create loud explosions that mimic cannon fire. This adds an element of authenticity to the event, making the experience even more immersive.<\/p>\n<p class=\"p1\">Another festival is <em><strong>Fira de la Taronja<\/strong><\/em> (Orange Fair). Here you can savor <strong>freshly squeezed juices, homemade marmalades, and a variety of citrus-infused treats<\/strong>. The aroma of citrus blossoms fills the air will leave you a lasting memory.<\/p>\n<h2 class=\"p1\">The Vintage S\u00f3ller Train<\/h2>\n<p class=\"p1\">One of the most enchanting ways to arrive in S\u00f3ller is by taking the <strong>historic wooden train<\/strong>. It connects the town to the city of <strong><a href=\"https:\/\/www.my-rental-homes.com\/blog\/what-to-see-eat-and-drink-in-palma-de-mallorca\/\">Palma de Mallorca<\/a><\/strong>. Known as the &#8220;Red Lightning,&#8221; it offers a leisurely ride through the lush countryside, providing with stunning vistas of the surrounding landscape. This train journey will surely add some allure to your trip to S\u00f3ller.<\/p>\n","protected":false},"excerpt":{"rendered":"<p>Exploring the Enchanting Beauty of S\u00f3ller, Mallorca S\u00f3ller stands as a captivating testament to the beauty of Spain&#8217;s Mediterranean coastline. Located in the heart of the<span class=\"excerpt-hellip\"> [\u2026]<\/span><\/p>\n","protected":false},"author":6,"featured_media":3952,"comment_status":"open","ping_status":"open","sticky":false,"template":"","format":"standard","meta":{"footnotes":""},"categories":[20,153,1921],"tags":[1944,1996],"class_list":["post-3951","post","type-post","status-publish","format-standard","has-post-thumbnail","hentry","category-ibiza","category-mallorca","category-menorca","tag-mallorca","tag-soller"],"yoast_head":"<!-- This site is optimized with the Yoast SEO plugin v27.2 - https:\/\/yoast.com\/product\/yoast-seo-wordpress\/ -->\n<title>Exploring the Enchanting Beauty of S\u00f3ller, Mallorca | My Rental Homes<\/title>\n<meta name=\"description\" content=\"Located in the heart of the picturesque Balearic island of Mallorca, S\u00f3ller shows charming streets, lush citrus groves, and a rich cultural heritage.\" \/>\n<meta name=\"robots\" content=\"index, follow, max-snippet:-1, max-image-preview:large, max-video-preview:-1\" \/>\n<link rel=\"canonical\" href=\"https:\/\/www.my-rental-homes.com\/blog\/exploring-soller-mallorca\/\" \/>\n<meta property=\"og:locale\" content=\"en_US\" \/>\n<meta property=\"og:type\" content=\"article\" \/>\n<meta property=\"og:title\" content=\"Exploring the Enchanting Beauty of S\u00f3ller, Mallorca | My Rental Homes\" \/>\n<meta property=\"og:description\" content=\"Located in the heart of the picturesque Balearic island of Mallorca, S\u00f3ller shows charming streets, lush citrus groves, and a rich cultural heritage.\" \/>\n<meta property=\"og:url\" content=\"https:\/\/www.my-rental-homes.com\/blog\/exploring-soller-mallorca\/\" \/>\n<meta property=\"og:site_name\" content=\"My Rental Homes\" \/>\n<meta property=\"article:publisher\" content=\"https:\/\/www.facebook.com\/myrentalhomes\" \/>\n<meta property=\"article:published_time\" content=\"2023-09-11T07:00:58+00:00\" \/>\n<meta property=\"article:modified_time\" content=\"2023-09-19T14:28:20+00:00\" \/>\n<meta property=\"og:image\" content=\"https:\/\/www.my-rental-homes.com\/blog\/wp-content\/uploads\/2023\/08\/2-COV-soller.jpg\" \/>\n\t<meta property=\"og:image:width\" content=\"480\" \/>\n\t<meta property=\"og:image:height\" content=\"300\" \/>\n\t<meta property=\"og:image:type\" content=\"image\/jpeg\" \/>\n<meta name=\"author\" content=\"Anna Zancan\" \/>\n<meta name=\"twitter:label1\" content=\"Written by\" \/>\n\t<meta name=\"twitter:data1\" content=\"Anna Zancan\" \/>\n\t<meta name=\"twitter:label2\" content=\"Est. reading time\" \/>\n\t<meta name=\"twitter:data2\" content=\"3 minutes\" \/>\n<script type=\"application\/ld+json\" class=\"yoast-schema-graph\">{\"@context\":\"https:\/\/schema.org\",\"@graph\":[{\"@type\":\"Article\",\"@id\":\"https:\/\/www.my-rental-homes.com\/blog\/exploring-soller-mallorca\/#article\",\"isPartOf\":{\"@id\":\"https:\/\/www.my-rental-homes.com\/blog\/exploring-soller-mallorca\/\"},\"author\":{\"name\":\"Anna Zancan\",\"@id\":\"https:\/\/www.my-rental-homes.com\/blog\/#\/schema\/person\/1213866133bd4166977484f40c42a2a5\"},\"headline\":\"Exploring the Enchanting Beauty of S\u00f3ller, Mallorca\",\"datePublished\":\"2023-09-11T07:00:58+00:00\",\"dateModified\":\"2023-09-19T14:28:20+00:00\",\"mainEntityOfPage\":{\"@id\":\"https:\/\/www.my-rental-homes.com\/blog\/exploring-soller-mallorca\/\"},\"wordCount\":697,\"commentCount\":0,\"publisher\":{\"@id\":\"https:\/\/www.my-rental-homes.com\/blog\/#organization\"},\"image\":{\"@id\":\"https:\/\/www.my-rental-homes.com\/blog\/exploring-soller-mallorca\/#primaryimage\"},\"thumbnailUrl\":\"https:\/\/www.my-rental-homes.com\/blog\/wp-content\/uploads\/2023\/08\/2-COV-soller.jpg\",\"keywords\":[\"mallorca\",\"soller\"],\"articleSection\":[\"Ibiza\",\"Mallorca\",\"Menorca\"],\"inLanguage\":\"en-US\",\"potentialAction\":[{\"@type\":\"CommentAction\",\"name\":\"Comment\",\"target\":[\"https:\/\/www.my-rental-homes.com\/blog\/exploring-soller-mallorca\/#respond\"]}]},{\"@type\":\"WebPage\",\"@id\":\"https:\/\/www.my-rental-homes.com\/blog\/exploring-soller-mallorca\/\",\"url\":\"https:\/\/www.my-rental-homes.com\/blog\/exploring-soller-mallorca\/\",\"name\":\"Exploring the Enchanting Beauty of S\u00f3ller, Mallorca | My Rental Homes\",\"isPartOf\":{\"@id\":\"https:\/\/www.my-rental-homes.com\/blog\/#website\"},\"primaryImageOfPage\":{\"@id\":\"https:\/\/www.my-rental-homes.com\/blog\/exploring-soller-mallorca\/#primaryimage\"},\"image\":{\"@id\":\"https:\/\/www.my-rental-homes.com\/blog\/exploring-soller-mallorca\/#primaryimage\"},\"thumbnailUrl\":\"https:\/\/www.my-rental-homes.com\/blog\/wp-content\/uploads\/2023\/08\/2-COV-soller.jpg\",\"datePublished\":\"2023-09-11T07:00:58+00:00\",\"dateModified\":\"2023-09-19T14:28:20+00:00\",\"description\":\"Located in the heart of the picturesque Balearic island of Mallorca, S\u00f3ller shows charming streets, lush citrus groves, and a rich cultural heritage.\",\"breadcrumb\":{\"@id\":\"https:\/\/www.my-rental-homes.com\/blog\/exploring-soller-mallorca\/#breadcrumb\"},\"inLanguage\":\"en-US\",\"potentialAction\":[{\"@type\":\"ReadAction\",\"target\":[\"https:\/\/www.my-rental-homes.com\/blog\/exploring-soller-mallorca\/\"]}]},{\"@type\":\"ImageObject\",\"inLanguage\":\"en-US\",\"@id\":\"https:\/\/www.my-rental-homes.com\/blog\/exploring-soller-mallorca\/#primaryimage\",\"url\":\"https:\/\/www.my-rental-homes.com\/blog\/wp-content\/uploads\/2023\/08\/2-COV-soller.jpg\",\"contentUrl\":\"https:\/\/www.my-rental-homes.com\/blog\/wp-content\/uploads\/2023\/08\/2-COV-soller.jpg\",\"width\":480,\"height\":300,\"caption\":\"Exploring the Enchanting Beauty of S\u00f3ller, Mallorca\"},{\"@type\":\"BreadcrumbList\",\"@id\":\"https:\/\/www.my-rental-homes.com\/blog\/exploring-soller-mallorca\/#breadcrumb\",\"itemListElement\":[{\"@type\":\"ListItem\",\"position\":1,\"name\":\"Home\",\"item\":\"https:\/\/www.my-rental-homes.com\/blog\/\"},{\"@type\":\"ListItem\",\"position\":2,\"name\":\"Exploring the Enchanting Beauty of S\u00f3ller, Mallorca\"}]},{\"@type\":\"WebSite\",\"@id\":\"https:\/\/www.my-rental-homes.com\/blog\/#website\",\"url\":\"https:\/\/www.my-rental-homes.com\/blog\/\",\"name\":\"My Rental Homes\",\"description\":\"\",\"publisher\":{\"@id\":\"https:\/\/www.my-rental-homes.com\/blog\/#organization\"},\"potentialAction\":[{\"@type\":\"SearchAction\",\"target\":{\"@type\":\"EntryPoint\",\"urlTemplate\":\"https:\/\/www.my-rental-homes.com\/blog\/?s={search_term_string}\"},\"query-input\":{\"@type\":\"PropertyValueSpecification\",\"valueRequired\":true,\"valueName\":\"search_term_string\"}}],\"inLanguage\":\"en-US\"},{\"@type\":\"Organization\",\"@id\":\"https:\/\/www.my-rental-homes.com\/blog\/#organization\",\"name\":\"My Rental Homes by Rentals in Italy\",\"url\":\"https:\/\/www.my-rental-homes.com\/blog\/\",\"logo\":{\"@type\":\"ImageObject\",\"inLanguage\":\"en-US\",\"@id\":\"https:\/\/www.my-rental-homes.com\/blog\/#\/schema\/logo\/image\/\",\"url\":\"https:\/\/www.my-rental-homes.com\/blog\/wp-content\/uploads\/2016\/08\/my-rental-homes-logo2.png\",\"contentUrl\":\"https:\/\/www.my-rental-homes.com\/blog\/wp-content\/uploads\/2016\/08\/my-rental-homes-logo2.png\",\"width\":486,\"height\":116,\"caption\":\"My Rental Homes by Rentals in Italy\"},\"image\":{\"@id\":\"https:\/\/www.my-rental-homes.com\/blog\/#\/schema\/logo\/image\/\"},\"sameAs\":[\"https:\/\/www.facebook.com\/myrentalhomes\"]},{\"@type\":\"Person\",\"@id\":\"https:\/\/www.my-rental-homes.com\/blog\/#\/schema\/person\/1213866133bd4166977484f40c42a2a5\",\"name\":\"Anna Zancan\",\"image\":{\"@type\":\"ImageObject\",\"inLanguage\":\"en-US\",\"@id\":\"https:\/\/secure.gravatar.com\/avatar\/82ee13fdcc7c31523bf9ffbff6160e25ec764abc740c4dad1c407654fcc0496c?s=96&d=mm&r=g\",\"url\":\"https:\/\/secure.gravatar.com\/avatar\/82ee13fdcc7c31523bf9ffbff6160e25ec764abc740c4dad1c407654fcc0496c?s=96&d=mm&r=g\",\"contentUrl\":\"https:\/\/secure.gravatar.com\/avatar\/82ee13fdcc7c31523bf9ffbff6160e25ec764abc740c4dad1c407654fcc0496c?s=96&d=mm&r=g\",\"caption\":\"Anna Zancan\"}}]}<\/script>\n<!-- \/ Yoast SEO plugin. -->","yoast_head_json":{"title":"Exploring the Enchanting Beauty of S\u00f3ller, Mallorca | My Rental Homes","description":"Located in the heart of the picturesque Balearic island of Mallorca, S\u00f3ller shows charming streets, lush citrus groves, and a rich cultural heritage.","robots":{"index":"index","follow":"follow","max-snippet":"max-snippet:-1","max-image-preview":"max-image-preview:large","max-video-preview":"max-video-preview:-1"},"canonical":"https:\/\/www.my-rental-homes.com\/blog\/exploring-soller-mallorca\/","og_locale":"en_US","og_type":"article","og_title":"Exploring the Enchanting Beauty of S\u00f3ller, Mallorca | My Rental Homes","og_description":"Located in the heart of the picturesque Balearic island of Mallorca, S\u00f3ller shows charming streets, lush citrus groves, and a rich cultural heritage.","og_url":"https:\/\/www.my-rental-homes.com\/blog\/exploring-soller-mallorca\/","og_site_name":"My Rental Homes","article_publisher":"https:\/\/www.facebook.com\/myrentalhomes","article_published_time":"2023-09-11T07:00:58+00:00","article_modified_time":"2023-09-19T14:28:20+00:00","og_image":[{"width":480,"height":300,"url":"https:\/\/www.my-rental-homes.com\/blog\/wp-content\/uploads\/2023\/08\/2-COV-soller.jpg","type":"image\/jpeg"}],"author":"Anna Zancan","twitter_misc":{"Written by":"Anna Zancan","Est. reading time":"3 minutes"},"schema":{"@context":"https:\/\/schema.org","@graph":[{"@type":"Article","@id":"https:\/\/www.my-rental-homes.com\/blog\/exploring-soller-mallorca\/#article","isPartOf":{"@id":"https:\/\/www.my-rental-homes.com\/blog\/exploring-soller-mallorca\/"},"author":{"name":"Anna Zancan","@id":"https:\/\/www.my-rental-homes.com\/blog\/#\/schema\/person\/1213866133bd4166977484f40c42a2a5"},"headline":"Exploring the Enchanting Beauty of S\u00f3ller, Mallorca","datePublished":"2023-09-11T07:00:58+00:00","dateModified":"2023-09-19T14:28:20+00:00","mainEntityOfPage":{"@id":"https:\/\/www.my-rental-homes.com\/blog\/exploring-soller-mallorca\/"},"wordCount":697,"commentCount":0,"publisher":{"@id":"https:\/\/www.my-rental-homes.com\/blog\/#organization"},"image":{"@id":"https:\/\/www.my-rental-homes.com\/blog\/exploring-soller-mallorca\/#primaryimage"},"thumbnailUrl":"https:\/\/www.my-rental-homes.com\/blog\/wp-content\/uploads\/2023\/08\/2-COV-soller.jpg","keywords":["mallorca","soller"],"articleSection":["Ibiza","Mallorca","Menorca"],"inLanguage":"en-US","potentialAction":[{"@type":"CommentAction","name":"Comment","target":["https:\/\/www.my-rental-homes.com\/blog\/exploring-soller-mallorca\/#respond"]}]},{"@type":"WebPage","@id":"https:\/\/www.my-rental-homes.com\/blog\/exploring-soller-mallorca\/","url":"https:\/\/www.my-rental-homes.com\/blog\/exploring-soller-mallorca\/","name":"Exploring the Enchanting Beauty of S\u00f3ller, Mallorca | My Rental Homes","isPartOf":{"@id":"https:\/\/www.my-rental-homes.com\/blog\/#website"},"primaryImageOfPage":{"@id":"https:\/\/www.my-rental-homes.com\/blog\/exploring-soller-mallorca\/#primaryimage"},"image":{"@id":"https:\/\/www.my-rental-homes.com\/blog\/exploring-soller-mallorca\/#primaryimage"},"thumbnailUrl":"https:\/\/www.my-rental-homes.com\/blog\/wp-content\/uploads\/2023\/08\/2-COV-soller.jpg","datePublished":"2023-09-11T07:00:58+00:00","dateModified":"2023-09-19T14:28:20+00:00","description":"Located in the heart of the picturesque Balearic island of Mallorca, S\u00f3ller shows charming streets, lush citrus groves, and a rich cultural heritage.","breadcrumb":{"@id":"https:\/\/www.my-rental-homes.com\/blog\/exploring-soller-mallorca\/#breadcrumb"},"inLanguage":"en-US","potentialAction":[{"@type":"ReadAction","target":["https:\/\/www.my-rental-homes.com\/blog\/exploring-soller-mallorca\/"]}]},{"@type":"ImageObject","inLanguage":"en-US","@id":"https:\/\/www.my-rental-homes.com\/blog\/exploring-soller-mallorca\/#primaryimage","url":"https:\/\/www.my-rental-homes.com\/blog\/wp-content\/uploads\/2023\/08\/2-COV-soller.jpg","contentUrl":"https:\/\/www.my-rental-homes.com\/blog\/wp-content\/uploads\/2023\/08\/2-COV-soller.jpg","width":480,"height":300,"caption":"Exploring the Enchanting Beauty of S\u00f3ller, Mallorca"},{"@type":"BreadcrumbList","@id":"https:\/\/www.my-rental-homes.com\/blog\/exploring-soller-mallorca\/#breadcrumb","itemListElement":[{"@type":"ListItem","position":1,"name":"Home","item":"https:\/\/www.my-rental-homes.com\/blog\/"},{"@type":"ListItem","position":2,"name":"Exploring the Enchanting Beauty of S\u00f3ller, Mallorca"}]},{"@type":"WebSite","@id":"https:\/\/www.my-rental-homes.com\/blog\/#website","url":"https:\/\/www.my-rental-homes.com\/blog\/","name":"My Rental Homes","description":"","publisher":{"@id":"https:\/\/www.my-rental-homes.com\/blog\/#organization"},"potentialAction":[{"@type":"SearchAction","target":{"@type":"EntryPoint","urlTemplate":"https:\/\/www.my-rental-homes.com\/blog\/?s={search_term_string}"},"query-input":{"@type":"PropertyValueSpecification","valueRequired":true,"valueName":"search_term_string"}}],"inLanguage":"en-US"},{"@type":"Organization","@id":"https:\/\/www.my-rental-homes.com\/blog\/#organization","name":"My Rental Homes by Rentals in Italy","url":"https:\/\/www.my-rental-homes.com\/blog\/","logo":{"@type":"ImageObject","inLanguage":"en-US","@id":"https:\/\/www.my-rental-homes.com\/blog\/#\/schema\/logo\/image\/","url":"https:\/\/www.my-rental-homes.com\/blog\/wp-content\/uploads\/2016\/08\/my-rental-homes-logo2.png","contentUrl":"https:\/\/www.my-rental-homes.com\/blog\/wp-content\/uploads\/2016\/08\/my-rental-homes-logo2.png","width":486,"height":116,"caption":"My Rental Homes by Rentals in Italy"},"image":{"@id":"https:\/\/www.my-rental-homes.com\/blog\/#\/schema\/logo\/image\/"},"sameAs":["https:\/\/www.facebook.com\/myrentalhomes"]},{"@type":"Person","@id":"https:\/\/www.my-rental-homes.com\/blog\/#\/schema\/person\/1213866133bd4166977484f40c42a2a5","name":"Anna Zancan","image":{"@type":"ImageObject","inLanguage":"en-US","@id":"https:\/\/secure.gravatar.com\/avatar\/82ee13fdcc7c31523bf9ffbff6160e25ec764abc740c4dad1c407654fcc0496c?s=96&d=mm&r=g","url":"https:\/\/secure.gravatar.com\/avatar\/82ee13fdcc7c31523bf9ffbff6160e25ec764abc740c4dad1c407654fcc0496c?s=96&d=mm&r=g","contentUrl":"https:\/\/secure.gravatar.com\/avatar\/82ee13fdcc7c31523bf9ffbff6160e25ec764abc740c4dad1c407654fcc0496c?s=96&d=mm&r=g","caption":"Anna Zancan"}}]}},"_links":{"self":[{"href":"https:\/\/www.my-rental-homes.com\/blog\/wp-json\/wp\/v2\/posts\/3951","targetHints":{"allow":["GET"]}}],"collection":[{"href":"https:\/\/www.my-rental-homes.com\/blog\/wp-json\/wp\/v2\/posts"}],"about":[{"href":"https:\/\/www.my-rental-homes.com\/blog\/wp-json\/wp\/v2\/types\/post"}],"author":[{"embeddable":true,"href":"https:\/\/www.my-rental-homes.com\/blog\/wp-json\/wp\/v2\/users\/6"}],"replies":[{"embeddable":true,"href":"https:\/\/www.my-rental-homes.com\/blog\/wp-json\/wp\/v2\/comments?post=3951"}],"version-history":[{"count":1,"href":"https:\/\/www.my-rental-homes.com\/blog\/wp-json\/wp\/v2\/posts\/3951\/revisions"}],"predecessor-version":[{"id":3953,"href":"https:\/\/www.my-rental-homes.com\/blog\/wp-json\/wp\/v2\/posts\/3951\/revisions\/3953"}],"wp:featuredmedia":[{"embeddable":true,"href":"https:\/\/www.my-rental-homes.com\/blog\/wp-json\/wp\/v2\/media\/3952"}],"wp:attachment":[{"href":"https:\/\/www.my-rental-homes.com\/blog\/wp-json\/wp\/v2\/media?parent=3951"}],"wp:term":[{"taxonomy":"category","embeddable":true,"href":"https:\/\/www.my-rental-homes.com\/blog\/wp-json\/wp\/v2\/categories?post=3951"},{"taxonomy":"post_tag","embeddable":true,"href":"https:\/\/www.my-rental-homes.com\/blog\/wp-json\/wp\/v2\/tags?post=3951"}],"curies":[{"name":"wp","href":"https:\/\/api.w.org\/{rel}","templated":true}]}}